{"id":762,"date":"2023-10-11T00:00:27","date_gmt":"2023-10-11T00:00:27","guid":{"rendered":"https:\/\/diana.wtpnt.es\/?p=762"},"modified":"2024-10-04T08:46:15","modified_gmt":"2024-10-04T08:46:15","slug":"grupo-lappi-participada-de-diana-capital-adquiere-el-100-de-cpm-penta-group-y-consolida-su-liderazgo-en-el-sector-de-etiquetado-en-la-peninsula-iberica","status":"publish","type":"post","link":"https:\/\/dianacapital.com\/en\/espanol-grupo-lappi-participada-de-diana-capital-adquiere-el-100-de-cpm-penta-group-y-consolida-su-liderazgo-en-el-sector-de-etiquetado-en-la-peninsula-iberica\/","title":{"rendered":"Grupo Lapp\u00ed, a Diana Capital portfolio company, acquires 100% of CPM-PENTA Group and consolidates its leadership in the labeling sector in the Iberian Peninsula"},"content":{"rendered":"<p><strong>Madrid, October 11, 2023.<\/strong><\/p>\n<p>The private equity firm Diana Capital, specialized in investing in mid-sized companies, has announced the acquisition by its portfolio company Lapp\u00ed, a leading Sevillian group in the labels and printing solutions sector, of 100% of the shares of the label and flexible packaging company CPM-PENTA Group, previously owned by the Portuguese private equity fund CREST Capital Partners SCR. This transaction, carried out through a capital increase, represents a new milestone in the expansion of Lapp\u00ed, which consolidates its leadership in the Iberian Peninsula and Southern Europe and strengthens its international presence, entering countries such as Switzerland, Italy and the Czech Republic, becoming the fifteenth group in Europe.<\/p>\n<p>With this acquisition, Lapp\u00ed incorporates two new production plants, one in Madrid and the other in Salvaterra de Magos (near Lisbon), bringing the total number of its production centers in the Iberian Peninsula to six. In this way, and thanks to the synergies generated between the two groups, Lapp\u00ed expects to improve its profitability and to close 2023 doubling its turnover to 70 million euros, with a workforce of 383 employees and around 53,000 m2 of facilities of its own. In addition to providing increased production capacity and efficient access to advanced printing solutions, the acquisition gives Lapp\u00ed access to the flexible packaging sector and reaffirms its commitment to digitalization, sustainability and quality of service.<\/p>\n<p>This transaction is not the first for leading labeling group Lapp\u00ed. In 2019 it announced the acquisition of 100% of Gr\u00e1ficas Calipolense, the largest label manufacturing company for the food sector in Portugal, already becoming the largest group of this type of product in southern Europe. Among Lapp\u00ed&#8217;s clients are the main multinational companies, such as Mahou-San Miguel, Coca Cola, Heinz, Pernod Ricard, Borges, Damm or Super Bock.<\/p>\n<p>&nbsp;<\/p>\n<p><strong>First transaction of Diana Capital&#8217;s third fund<\/strong><\/p>\n<p>The investment in CPM-PENTA Group is the first investment of the new private equity vehicle Diana Capital III FCR. In July, the fund manager announced a first closing of \u20ac150 million and plans to make the final closing at the end of the year with a size of \u20ac200 million.<\/p>\n<p>Diana Capital focuses on the lower segment of the <em>middle-market<\/em>, the most dynamic and attractive in the sector, with a deal-flow that remains solid, with growth trends and with a higher number of investments than the rest. Since its founding, the fund manager has invested in a total of 29 companies: 12 through its two funds directly and in another 17 indirectly through its portfolio companies. It currently has EUR 240 million under management.<\/p>\n<p>In addition, Diana Capital has received numerous awards for its management, such as the prizes awarded by the private equity association (SpainCap). Specifically, this year it has been recognized for the \u201cBest Expansion Capital Transaction\u201d for the transaction in Gransolar, an integrated photovoltaic energy company with a broad international presence. In other editions, it has also received the \u201cBest Expansion Capital Transaction\u201d for Indal, a lighting company currently part of the Philips Group, or the \u201cGreatest Economic and Social Impact\u201d for Guascor, a manufacturer of motors and energy capital goods, which Siemens sold to Mutares last year, both operations within the framework of its first fund.<\/p>","protected":false},"excerpt":{"rendered":"Madrid, October 11, 2023. The private equity firm Diana Capital, specialized in investing in mid-sized companies, has announced the acquisition by its portfolio company Lapp\u00ed, a leading Sevillian group in the labels and printing solutions sector, of 100% of the shares of the label and flexible packaging company CPM-PENTA Group, previously owned by the Portuguese&#8230;","protected":false},"author":3,"featured_media":0,"comment_status":"closed","ping_status":"closed","sticky":false,"template":"","format":"standard","meta":{"_acf_changed":false,"footnotes":""},"categories":[1],"tags":[],"class_list":["post-762","post","type-post","status-publish","format-standard","hentry","category-sin-categoria"],"acf":[],"yoast_head":"<!-- This site is optimized with the Yoast SEO plugin v23.6 - https:\/\/yoast.com\/wordpress\/plugins\/seo\/ -->\n<title>Grupo Lapp\u00ed, a Diana Capital portfolio company, acquires 100% of CPM-PENTA Group and consolidates its leadership in the labeling sector in the Iberian Peninsula - Diana Capital<\/title>\n<meta name=\"robots\" content=\"index, follow, max-snippet:-1, max-image-preview:large, max-video-preview:-1\" \/>\n<link rel=\"canonical\" href=\"https:\/\/dianacapital.com\/es\/grupo-lappi-participada-de-diana-capital-adquiere-el-100-de-cpm-penta-group-y-consolida-su-liderazgo-en-el-sector-de-etiquetado-en-la-peninsula-iberica\/\" \/>\n<meta property=\"og:locale\" content=\"en_US\" \/>\n<meta property=\"og:type\" content=\"article\" \/>\n<meta property=\"og:title\" content=\"[:es]Grupo Lapp\u00ed, participada de Diana Capital, adquiere el 100% de CPM-PENTA Group y consolida su liderazgo en el sector de etiquetado en la Pen\u00ednsula Ib\u00e9rica[:en]Grupo Lapp\u00ed, a Diana Capital portfolio company, acquires 100% of CPM-PENTA Group and consolidates its leadership in the labeling sector in the Iberian Peninsula[:] - Diana Capital\" \/>\n<meta property=\"og:description\" content=\"Madrid, October 11, 2023. The private equity firm Diana Capital, specialized in investing in mid-sized companies, has announced the acquisition by its portfolio company Lapp\u00ed, a leading Sevillian group in the labels and printing solutions sector, of 100% of the shares of the label and flexible packaging company CPM-PENTA Group, previously owned by the Portuguese...\" \/>\n<meta property=\"og:url\" content=\"https:\/\/dianacapital.com\/es\/grupo-lappi-participada-de-diana-capital-adquiere-el-100-de-cpm-penta-group-y-consolida-su-liderazgo-en-el-sector-de-etiquetado-en-la-peninsula-iberica\/\" \/>\n<meta property=\"og:site_name\" content=\"Diana Capital\" \/>\n<meta property=\"article:published_time\" content=\"2023-10-11T00:00:27+00:00\" \/>\n<meta property=\"article:modified_time\" content=\"2024-10-04T08:46:15+00:00\" \/>\n<meta name=\"author\" content=\"Admin\" \/>\n<meta name=\"twitter:card\" content=\"summary_large_image\" \/>\n<meta name=\"twitter:label1\" content=\"Written by\" \/>\n\t<meta name=\"twitter:data1\" content=\"Admin\" \/>\n\t<meta name=\"twitter:label2\" content=\"Est. reading time\" \/>\n\t<meta name=\"twitter:data2\" content=\"6 minutes\" \/>\n<script type=\"application\/ld+json\" class=\"yoast-schema-graph\">{\"@context\":\"https:\/\/schema.org\",\"@graph\":[{\"@type\":\"Article\",\"@id\":\"https:\/\/dianacapital.com\/es\/grupo-lappi-participada-de-diana-capital-adquiere-el-100-de-cpm-penta-group-y-consolida-su-liderazgo-en-el-sector-de-etiquetado-en-la-peninsula-iberica\/#article\",\"isPartOf\":{\"@id\":\"https:\/\/dianacapital.com\/es\/grupo-lappi-participada-de-diana-capital-adquiere-el-100-de-cpm-penta-group-y-consolida-su-liderazgo-en-el-sector-de-etiquetado-en-la-peninsula-iberica\/\"},\"author\":{\"name\":\"Admin\",\"@id\":\"https:\/\/dianacapital.com\/es\/#\/schema\/person\/a80c92bf6057294f1ddef41779f72441\"},\"headline\":\"Grupo Lapp\u00ed, a Diana Capital portfolio company, acquires 100% of CPM-PENTA Group and consolidates its leadership in the labeling sector in the Iberian Peninsula\",\"datePublished\":\"2023-10-11T00:00:27+00:00\",\"dateModified\":\"2024-10-04T08:46:15+00:00\",\"mainEntityOfPage\":{\"@id\":\"https:\/\/dianacapital.com\/es\/grupo-lappi-participada-de-diana-capital-adquiere-el-100-de-cpm-penta-group-y-consolida-su-liderazgo-en-el-sector-de-etiquetado-en-la-peninsula-iberica\/\"},\"wordCount\":1190,\"publisher\":{\"@id\":\"https:\/\/dianacapital.com\/es\/#organization\"},\"articleSection\":[\"Sin categor\u00eda\"],\"inLanguage\":\"en-US\"},{\"@type\":\"WebPage\",\"@id\":\"https:\/\/dianacapital.com\/es\/grupo-lappi-participada-de-diana-capital-adquiere-el-100-de-cpm-penta-group-y-consolida-su-liderazgo-en-el-sector-de-etiquetado-en-la-peninsula-iberica\/\",\"url\":\"https:\/\/dianacapital.com\/es\/grupo-lappi-participada-de-diana-capital-adquiere-el-100-de-cpm-penta-group-y-consolida-su-liderazgo-en-el-sector-de-etiquetado-en-la-peninsula-iberica\/\",\"name\":\"[:es]Grupo Lapp\u00ed, participada de Diana Capital, adquiere el 100% de CPM-PENTA Group y consolida su liderazgo en el sector de etiquetado en la Pen\u00ednsula Ib\u00e9rica[:en]Grupo Lapp\u00ed, a Diana Capital portfolio company, acquires 100% of CPM-PENTA Group and consolidates its leadership in the labeling sector in the Iberian Peninsula[:] - Diana Capital\",\"isPartOf\":{\"@id\":\"https:\/\/dianacapital.com\/es\/#website\"},\"datePublished\":\"2023-10-11T00:00:27+00:00\",\"dateModified\":\"2024-10-04T08:46:15+00:00\",\"breadcrumb\":{\"@id\":\"https:\/\/dianacapital.com\/es\/grupo-lappi-participada-de-diana-capital-adquiere-el-100-de-cpm-penta-group-y-consolida-su-liderazgo-en-el-sector-de-etiquetado-en-la-peninsula-iberica\/#breadcrumb\"},\"inLanguage\":\"en-US\",\"potentialAction\":[{\"@type\":\"ReadAction\",\"target\":[\"https:\/\/dianacapital.com\/es\/grupo-lappi-participada-de-diana-capital-adquiere-el-100-de-cpm-penta-group-y-consolida-su-liderazgo-en-el-sector-de-etiquetado-en-la-peninsula-iberica\/\"]}]},{\"@type\":\"BreadcrumbList\",\"@id\":\"https:\/\/dianacapital.com\/es\/grupo-lappi-participada-de-diana-capital-adquiere-el-100-de-cpm-penta-group-y-consolida-su-liderazgo-en-el-sector-de-etiquetado-en-la-peninsula-iberica\/#breadcrumb\",\"itemListElement\":[{\"@type\":\"ListItem\",\"position\":1,\"name\":\"Home\",\"item\":\"https:\/\/dianacapital.com\/es\/\"},{\"@type\":\"ListItem\",\"position\":2,\"name\":\"Grupo Lapp\u00ed, participada de Diana Capital, adquiere el 100% de CPM-PENTA Group y consolida su liderazgo en el sector de etiquetado en la Pen\u00ednsula Ib\u00e9rica\"}]},{\"@type\":\"WebSite\",\"@id\":\"https:\/\/dianacapital.com\/es\/#website\",\"url\":\"https:\/\/dianacapital.com\/es\/\",\"name\":\"Diana Capital\",\"description\":\"Socios para construir\",\"publisher\":{\"@id\":\"https:\/\/dianacapital.com\/es\/#organization\"},\"potentialAction\":[{\"@type\":\"SearchAction\",\"target\":{\"@type\":\"EntryPoint\",\"urlTemplate\":\"https:\/\/dianacapital.com\/es\/?s={search_term_string}\"},\"query-input\":{\"@type\":\"PropertyValueSpecification\",\"valueRequired\":true,\"valueName\":\"search_term_string\"}}],\"inLanguage\":\"en-US\"},{\"@type\":\"Organization\",\"@id\":\"https:\/\/dianacapital.com\/es\/#organization\",\"name\":\"Diana Capital\",\"url\":\"https:\/\/dianacapital.com\/es\/\",\"logo\":{\"@type\":\"ImageObject\",\"inLanguage\":\"en-US\",\"@id\":\"https:\/\/dianacapital.com\/es\/#\/schema\/logo\/image\/\",\"url\":\"https:\/\/dianacapital.com\/wp-content\/uploads\/2024\/10\/logo-diana2x.png\",\"contentUrl\":\"https:\/\/dianacapital.com\/wp-content\/uploads\/2024\/10\/logo-diana2x.png\",\"width\":719,\"height\":119,\"caption\":\"Diana Capital\"},\"image\":{\"@id\":\"https:\/\/dianacapital.com\/es\/#\/schema\/logo\/image\/\"},\"sameAs\":[\"https:\/\/www.linkedin.com\/company\/diana-capital\/\"]},{\"@type\":\"Person\",\"@id\":\"https:\/\/dianacapital.com\/es\/#\/schema\/person\/a80c92bf6057294f1ddef41779f72441\",\"name\":\"Admin\",\"image\":{\"@type\":\"ImageObject\",\"inLanguage\":\"en-US\",\"@id\":\"https:\/\/dianacapital.com\/es\/#\/schema\/person\/image\/\",\"url\":\"https:\/\/secure.gravatar.com\/avatar\/eb12426f65bed42f9d56de18b4ada436?s=96&d=mm&r=g\",\"contentUrl\":\"https:\/\/secure.gravatar.com\/avatar\/eb12426f65bed42f9d56de18b4ada436?s=96&d=mm&r=g\",\"caption\":\"Admin\"},\"url\":\"https:\/\/dianacapital.com\/en\/author\/diana_admin\/\"}]}<\/script>\n<!-- \/ Yoast SEO plugin. -->","yoast_head_json":{"title":"[:es]Grupo Lapp\u00ed, participada de Diana Capital, adquiere el 100% de CPM-PENTA Group y consolida su liderazgo en el sector de etiquetado en la Pen\u00ednsula Ib\u00e9rica[:en]Grupo Lapp\u00ed, a Diana Capital portfolio company, acquires 100% of CPM-PENTA Group and consolidates its leadership in the labeling sector in the Iberian Peninsula[:] - Diana Capital","robots":{"index":"index","follow":"follow","max-snippet":"max-snippet:-1","max-image-preview":"max-image-preview:large","max-video-preview":"max-video-preview:-1"},"canonical":"https:\/\/dianacapital.com\/es\/grupo-lappi-participada-de-diana-capital-adquiere-el-100-de-cpm-penta-group-y-consolida-su-liderazgo-en-el-sector-de-etiquetado-en-la-peninsula-iberica\/","og_locale":"en_US","og_type":"article","og_title":"[:es]Grupo Lapp\u00ed, participada de Diana Capital, adquiere el 100% de CPM-PENTA Group y consolida su liderazgo en el sector de etiquetado en la Pen\u00ednsula Ib\u00e9rica[:en]Grupo Lapp\u00ed, a Diana Capital portfolio company, acquires 100% of CPM-PENTA Group and consolidates its leadership in the labeling sector in the Iberian Peninsula[:] - Diana Capital","og_description":"Madrid, October 11, 2023. The private equity firm Diana Capital, specialized in investing in mid-sized companies, has announced the acquisition by its portfolio company Lapp\u00ed, a leading Sevillian group in the labels and printing solutions sector, of 100% of the shares of the label and flexible packaging company CPM-PENTA Group, previously owned by the Portuguese...","og_url":"https:\/\/dianacapital.com\/es\/grupo-lappi-participada-de-diana-capital-adquiere-el-100-de-cpm-penta-group-y-consolida-su-liderazgo-en-el-sector-de-etiquetado-en-la-peninsula-iberica\/","og_site_name":"Diana Capital","article_published_time":"2023-10-11T00:00:27+00:00","article_modified_time":"2024-10-04T08:46:15+00:00","author":"Admin","twitter_card":"summary_large_image","twitter_misc":{"Written by":"Admin","Est. reading time":"6 minutes"},"schema":{"@context":"https:\/\/schema.org","@graph":[{"@type":"Article","@id":"https:\/\/dianacapital.com\/es\/grupo-lappi-participada-de-diana-capital-adquiere-el-100-de-cpm-penta-group-y-consolida-su-liderazgo-en-el-sector-de-etiquetado-en-la-peninsula-iberica\/#article","isPartOf":{"@id":"https:\/\/dianacapital.com\/es\/grupo-lappi-participada-de-diana-capital-adquiere-el-100-de-cpm-penta-group-y-consolida-su-liderazgo-en-el-sector-de-etiquetado-en-la-peninsula-iberica\/"},"author":{"name":"Admin","@id":"https:\/\/dianacapital.com\/es\/#\/schema\/person\/a80c92bf6057294f1ddef41779f72441"},"headline":"Grupo Lapp\u00ed, a Diana Capital portfolio company, acquires 100% of CPM-PENTA Group and consolidates its leadership in the labeling sector in the Iberian Peninsula","datePublished":"2023-10-11T00:00:27+00:00","dateModified":"2024-10-04T08:46:15+00:00","mainEntityOfPage":{"@id":"https:\/\/dianacapital.com\/es\/grupo-lappi-participada-de-diana-capital-adquiere-el-100-de-cpm-penta-group-y-consolida-su-liderazgo-en-el-sector-de-etiquetado-en-la-peninsula-iberica\/"},"wordCount":1190,"publisher":{"@id":"https:\/\/dianacapital.com\/es\/#organization"},"articleSection":["Sin categor\u00eda"],"inLanguage":"en-US"},{"@type":"WebPage","@id":"https:\/\/dianacapital.com\/es\/grupo-lappi-participada-de-diana-capital-adquiere-el-100-de-cpm-penta-group-y-consolida-su-liderazgo-en-el-sector-de-etiquetado-en-la-peninsula-iberica\/","url":"https:\/\/dianacapital.com\/es\/grupo-lappi-participada-de-diana-capital-adquiere-el-100-de-cpm-penta-group-y-consolida-su-liderazgo-en-el-sector-de-etiquetado-en-la-peninsula-iberica\/","name":"[:es]Grupo Lapp\u00ed, participada de Diana Capital, adquiere el 100% de CPM-PENTA Group y consolida su liderazgo en el sector de etiquetado en la Pen\u00ednsula Ib\u00e9rica[:en]Grupo Lapp\u00ed, a Diana Capital portfolio company, acquires 100% of CPM-PENTA Group and consolidates its leadership in the labeling sector in the Iberian Peninsula[:] - Diana Capital","isPartOf":{"@id":"https:\/\/dianacapital.com\/es\/#website"},"datePublished":"2023-10-11T00:00:27+00:00","dateModified":"2024-10-04T08:46:15+00:00","breadcrumb":{"@id":"https:\/\/dianacapital.com\/es\/grupo-lappi-participada-de-diana-capital-adquiere-el-100-de-cpm-penta-group-y-consolida-su-liderazgo-en-el-sector-de-etiquetado-en-la-peninsula-iberica\/#breadcrumb"},"inLanguage":"en-US","potentialAction":[{"@type":"ReadAction","target":["https:\/\/dianacapital.com\/es\/grupo-lappi-participada-de-diana-capital-adquiere-el-100-de-cpm-penta-group-y-consolida-su-liderazgo-en-el-sector-de-etiquetado-en-la-peninsula-iberica\/"]}]},{"@type":"BreadcrumbList","@id":"https:\/\/dianacapital.com\/es\/grupo-lappi-participada-de-diana-capital-adquiere-el-100-de-cpm-penta-group-y-consolida-su-liderazgo-en-el-sector-de-etiquetado-en-la-peninsula-iberica\/#breadcrumb","itemListElement":[{"@type":"ListItem","position":1,"name":"Home","item":"https:\/\/dianacapital.com\/es\/"},{"@type":"ListItem","position":2,"name":"Grupo Lapp\u00ed, participada de Diana Capital, adquiere el 100% de CPM-PENTA Group y consolida su liderazgo en el sector de etiquetado en la Pen\u00ednsula Ib\u00e9rica"}]},{"@type":"WebSite","@id":"https:\/\/dianacapital.com\/es\/#website","url":"https:\/\/dianacapital.com\/es\/","name":"Diana Capital","description":"Socios para construir","publisher":{"@id":"https:\/\/dianacapital.com\/es\/#organization"},"potentialAction":[{"@type":"SearchAction","target":{"@type":"EntryPoint","urlTemplate":"https:\/\/dianacapital.com\/es\/?s={search_term_string}"},"query-input":{"@type":"PropertyValueSpecification","valueRequired":true,"valueName":"search_term_string"}}],"inLanguage":"en-US"},{"@type":"Organization","@id":"https:\/\/dianacapital.com\/es\/#organization","name":"Diana Capital","url":"https:\/\/dianacapital.com\/es\/","logo":{"@type":"ImageObject","inLanguage":"en-US","@id":"https:\/\/dianacapital.com\/es\/#\/schema\/logo\/image\/","url":"https:\/\/dianacapital.com\/wp-content\/uploads\/2024\/10\/logo-diana2x.png","contentUrl":"https:\/\/dianacapital.com\/wp-content\/uploads\/2024\/10\/logo-diana2x.png","width":719,"height":119,"caption":"Diana Capital"},"image":{"@id":"https:\/\/dianacapital.com\/es\/#\/schema\/logo\/image\/"},"sameAs":["https:\/\/www.linkedin.com\/company\/diana-capital\/"]},{"@type":"Person","@id":"https:\/\/dianacapital.com\/es\/#\/schema\/person\/a80c92bf6057294f1ddef41779f72441","name":"Admin","image":{"@type":"ImageObject","inLanguage":"en-US","@id":"https:\/\/dianacapital.com\/es\/#\/schema\/person\/image\/","url":"https:\/\/secure.gravatar.com\/avatar\/eb12426f65bed42f9d56de18b4ada436?s=96&d=mm&r=g","contentUrl":"https:\/\/secure.gravatar.com\/avatar\/eb12426f65bed42f9d56de18b4ada436?s=96&d=mm&r=g","caption":"Admin"},"url":"https:\/\/dianacapital.com\/en\/author\/diana_admin\/"}]}},"_links":{"self":[{"href":"https:\/\/dianacapital.com\/en\/wp-json\/wp\/v2\/posts\/762"}],"collection":[{"href":"https:\/\/dianacapital.com\/en\/wp-json\/wp\/v2\/posts"}],"about":[{"href":"https:\/\/dianacapital.com\/en\/wp-json\/wp\/v2\/types\/post"}],"author":[{"embeddable":true,"href":"https:\/\/dianacapital.com\/en\/wp-json\/wp\/v2\/users\/3"}],"replies":[{"embeddable":true,"href":"https:\/\/dianacapital.com\/en\/wp-json\/wp\/v2\/comments?post=762"}],"version-history":[{"count":0,"href":"https:\/\/dianacapital.com\/en\/wp-json\/wp\/v2\/posts\/762\/revisions"}],"wp:attachment":[{"href":"https:\/\/dianacapital.com\/en\/wp-json\/wp\/v2\/media?parent=762"}],"wp:term":[{"taxonomy":"category","embeddable":true,"href":"https:\/\/dianacapital.com\/en\/wp-json\/wp\/v2\/categories?post=762"},{"taxonomy":"post_tag","embeddable":true,"href":"https:\/\/dianacapital.com\/en\/wp-json\/wp\/v2\/tags?post=762"}],"curies":[{"name":"wp","href":"https:\/\/api.w.org\/{rel}","templated":true}]}}