{"id":764,"date":"2023-09-08T00:00:36","date_gmt":"2023-09-08T00:00:36","guid":{"rendered":"https:\/\/diana.wtpnt.es\/?p=764"},"modified":"2024-09-03T11:21:33","modified_gmt":"2024-09-03T11:21:33","slug":"la-venta-de-gransolar-ha-impulsado-nuestro-tercer-fondo-de-200-millones","status":"publish","type":"post","link":"https:\/\/dianacapital.com\/es\/la-venta-de-gransolar-ha-impulsado-nuestro-tercer-fondo-de-200-millones\/","title":{"rendered":"La venta de Gransolar ha impulsado nuestro tercer fondo de 200 millones"},"content":{"rendered":"<p>En un entorno de captaci\u00f3n desafiante, Diana Capital anuncia un primer cierre de 150 millones de euros para su tercer veh\u00edculo de inversi\u00f3n con el que prev\u00e9 sellar dos inversiones en 2023. La venta de Gransolar, adquirida por Trilantic con una valoraci\u00f3n de 425 millones, ha permitido multiplicar por cinco la inversi\u00f3n realizada e impulsar el tercer fondo de la gestora espa\u00f1ola, con un tama\u00f1o objetivo de 200 millones. La firma est\u00e1 especializada en invertir en compa\u00f1\u00edas medianas sin apalancamiento.<\/p>\n<p>Ver la entrevista completa en El Economista\u00a0<a href=\"https:\/\/www.eleconomista.es\/capital-riesgo\/noticias\/12396216\/08\/23\/francisco-gomezzubeldia-diana-capital-la-venta-de-gransolar-ha-impulsado-nuestro-tercer-fondo-de-200-millones.html\" target=\"_blank\" rel=\"noopener\">Pinche aqu\u00ed<\/a><\/p>","protected":false},"excerpt":{"rendered":"En un entorno de captaci\u00f3n desafiante, Diana Capital anuncia un primer cierre de 150 millones de euros para su tercer veh\u00edculo de inversi\u00f3n con el que prev\u00e9 sellar dos inversiones en 2023. La venta de Gransolar, adquirida por Trilantic con una valoraci\u00f3n de 425 millones, ha permitido multiplicar por cinco la inversi\u00f3n realizada e impulsar&#8230;","protected":false},"author":3,"featured_media":0,"comment_status":"closed","ping_status":"closed","sticky":false,"template":"","format":"standard","meta":{"_acf_changed":false,"footnotes":""},"categories":[1],"tags":[],"class_list":["post-764","post","type-post","status-publish","format-standard","hentry","category-sin-categoria"],"acf":[],"yoast_head":"<!-- This site is optimized with the Yoast SEO plugin v23.6 - https:\/\/yoast.com\/wordpress\/plugins\/seo\/ -->\n<title>La venta de Gransolar ha impulsado nuestro tercer fondo de 200 millones - Diana Capital<\/title>\n<meta name=\"robots\" content=\"index, follow, max-snippet:-1, max-image-preview:large, max-video-preview:-1\" \/>\n<link rel=\"canonical\" href=\"https:\/\/dianacapital.com\/es\/la-venta-de-gransolar-ha-impulsado-nuestro-tercer-fondo-de-200-millones\/\" \/>\n<meta property=\"og:locale\" content=\"es_ES\" \/>\n<meta property=\"og:type\" content=\"article\" \/>\n<meta property=\"og:title\" content=\"[:es]La venta de Gransolar ha impulsado nuestro tercer fondo de 200 millones[:en]The sale of Gransolar has boosted our third 200 million fund[:] - Diana Capital\" \/>\n<meta property=\"og:description\" content=\"En un entorno de captaci\u00f3n desafiante, Diana Capital anuncia un primer cierre de 150 millones de euros para su tercer veh\u00edculo de inversi\u00f3n con el que prev\u00e9 sellar dos inversiones en 2023. La venta de Gransolar, adquirida por Trilantic con una valoraci\u00f3n de 425 millones, ha permitido multiplicar por cinco la inversi\u00f3n realizada e impulsar...\" \/>\n<meta property=\"og:url\" content=\"https:\/\/dianacapital.com\/es\/la-venta-de-gransolar-ha-impulsado-nuestro-tercer-fondo-de-200-millones\/\" \/>\n<meta property=\"og:site_name\" content=\"Diana Capital\" \/>\n<meta property=\"article:published_time\" content=\"2023-09-08T00:00:36+00:00\" \/>\n<meta property=\"article:modified_time\" content=\"2024-09-03T11:21:33+00:00\" \/>\n<meta name=\"author\" content=\"Admin\" \/>\n<meta name=\"twitter:card\" content=\"summary_large_image\" \/>\n<meta name=\"twitter:label1\" content=\"Escrito por\" \/>\n\t<meta name=\"twitter:data1\" content=\"Admin\" \/>\n\t<meta name=\"twitter:label2\" content=\"Tiempo de lectura\" \/>\n\t<meta name=\"twitter:data2\" content=\"1 minuto\" \/>\n<script type=\"application\/ld+json\" class=\"yoast-schema-graph\">{\"@context\":\"https:\/\/schema.org\",\"@graph\":[{\"@type\":\"Article\",\"@id\":\"https:\/\/dianacapital.com\/es\/la-venta-de-gransolar-ha-impulsado-nuestro-tercer-fondo-de-200-millones\/#article\",\"isPartOf\":{\"@id\":\"https:\/\/dianacapital.com\/es\/la-venta-de-gransolar-ha-impulsado-nuestro-tercer-fondo-de-200-millones\/\"},\"author\":{\"name\":\"Admin\",\"@id\":\"https:\/\/dianacapital.com\/es\/#\/schema\/person\/a80c92bf6057294f1ddef41779f72441\"},\"headline\":\"La venta de Gransolar ha impulsado nuestro tercer fondo de 200 millones\",\"datePublished\":\"2023-09-08T00:00:36+00:00\",\"dateModified\":\"2024-09-03T11:21:33+00:00\",\"mainEntityOfPage\":{\"@id\":\"https:\/\/dianacapital.com\/es\/la-venta-de-gransolar-ha-impulsado-nuestro-tercer-fondo-de-200-millones\/\"},\"wordCount\":200,\"publisher\":{\"@id\":\"https:\/\/dianacapital.com\/es\/#organization\"},\"inLanguage\":\"es\"},{\"@type\":\"WebPage\",\"@id\":\"https:\/\/dianacapital.com\/es\/la-venta-de-gransolar-ha-impulsado-nuestro-tercer-fondo-de-200-millones\/\",\"url\":\"https:\/\/dianacapital.com\/es\/la-venta-de-gransolar-ha-impulsado-nuestro-tercer-fondo-de-200-millones\/\",\"name\":\"[:es]La venta de Gransolar ha impulsado nuestro tercer fondo de 200 millones[:en]The sale of Gransolar has boosted our third 200 million fund[:] - Diana Capital\",\"isPartOf\":{\"@id\":\"https:\/\/dianacapital.com\/es\/#website\"},\"datePublished\":\"2023-09-08T00:00:36+00:00\",\"dateModified\":\"2024-09-03T11:21:33+00:00\",\"breadcrumb\":{\"@id\":\"https:\/\/dianacapital.com\/es\/la-venta-de-gransolar-ha-impulsado-nuestro-tercer-fondo-de-200-millones\/#breadcrumb\"},\"inLanguage\":\"es\",\"potentialAction\":[{\"@type\":\"ReadAction\",\"target\":[\"https:\/\/dianacapital.com\/es\/la-venta-de-gransolar-ha-impulsado-nuestro-tercer-fondo-de-200-millones\/\"]}]},{\"@type\":\"BreadcrumbList\",\"@id\":\"https:\/\/dianacapital.com\/es\/la-venta-de-gransolar-ha-impulsado-nuestro-tercer-fondo-de-200-millones\/#breadcrumb\",\"itemListElement\":[{\"@type\":\"ListItem\",\"position\":1,\"name\":\"Home\",\"item\":\"https:\/\/dianacapital.com\/es\/\"},{\"@type\":\"ListItem\",\"position\":2,\"name\":\"La venta de Gransolar ha impulsado nuestro tercer fondo de 200 millones\"}]},{\"@type\":\"WebSite\",\"@id\":\"https:\/\/dianacapital.com\/es\/#website\",\"url\":\"https:\/\/dianacapital.com\/es\/\",\"name\":\"Diana Capital\",\"description\":\"Socios para construir\",\"publisher\":{\"@id\":\"https:\/\/dianacapital.com\/es\/#organization\"},\"potentialAction\":[{\"@type\":\"SearchAction\",\"target\":{\"@type\":\"EntryPoint\",\"urlTemplate\":\"https:\/\/dianacapital.com\/es\/?s={search_term_string}\"},\"query-input\":{\"@type\":\"PropertyValueSpecification\",\"valueRequired\":true,\"valueName\":\"search_term_string\"}}],\"inLanguage\":\"es\"},{\"@type\":\"Organization\",\"@id\":\"https:\/\/dianacapital.com\/es\/#organization\",\"name\":\"Diana Capital\",\"url\":\"https:\/\/dianacapital.com\/es\/\",\"logo\":{\"@type\":\"ImageObject\",\"inLanguage\":\"es\",\"@id\":\"https:\/\/dianacapital.com\/es\/#\/schema\/logo\/image\/\",\"url\":\"https:\/\/dianacapital.com\/wp-content\/uploads\/2024\/10\/logo-diana2x.png\",\"contentUrl\":\"https:\/\/dianacapital.com\/wp-content\/uploads\/2024\/10\/logo-diana2x.png\",\"width\":719,\"height\":119,\"caption\":\"Diana Capital\"},\"image\":{\"@id\":\"https:\/\/dianacapital.com\/es\/#\/schema\/logo\/image\/\"},\"sameAs\":[\"https:\/\/www.linkedin.com\/company\/diana-capital\/\"]},{\"@type\":\"Person\",\"@id\":\"https:\/\/dianacapital.com\/es\/#\/schema\/person\/a80c92bf6057294f1ddef41779f72441\",\"name\":\"Admin\",\"image\":{\"@type\":\"ImageObject\",\"inLanguage\":\"es\",\"@id\":\"https:\/\/dianacapital.com\/es\/#\/schema\/person\/image\/\",\"url\":\"https:\/\/secure.gravatar.com\/avatar\/eb12426f65bed42f9d56de18b4ada436?s=96&d=mm&r=g\",\"contentUrl\":\"https:\/\/secure.gravatar.com\/avatar\/eb12426f65bed42f9d56de18b4ada436?s=96&d=mm&r=g\",\"caption\":\"Admin\"},\"url\":\"https:\/\/dianacapital.com\/es\/author\/diana_admin\/\"}]}<\/script>\n<!-- \/ Yoast SEO plugin. -->","yoast_head_json":{"title":"[:es]La venta de Gransolar ha impulsado nuestro tercer fondo de 200 millones[:en]The sale of Gransolar has boosted our third 200 million fund[:] - Diana Capital","robots":{"index":"index","follow":"follow","max-snippet":"max-snippet:-1","max-image-preview":"max-image-preview:large","max-video-preview":"max-video-preview:-1"},"canonical":"https:\/\/dianacapital.com\/es\/la-venta-de-gransolar-ha-impulsado-nuestro-tercer-fondo-de-200-millones\/","og_locale":"es_ES","og_type":"article","og_title":"[:es]La venta de Gransolar ha impulsado nuestro tercer fondo de 200 millones[:en]The sale of Gransolar has boosted our third 200 million fund[:] - Diana Capital","og_description":"En un entorno de captaci\u00f3n desafiante, Diana Capital anuncia un primer cierre de 150 millones de euros para su tercer veh\u00edculo de inversi\u00f3n con el que prev\u00e9 sellar dos inversiones en 2023. La venta de Gransolar, adquirida por Trilantic con una valoraci\u00f3n de 425 millones, ha permitido multiplicar por cinco la inversi\u00f3n realizada e impulsar...","og_url":"https:\/\/dianacapital.com\/es\/la-venta-de-gransolar-ha-impulsado-nuestro-tercer-fondo-de-200-millones\/","og_site_name":"Diana Capital","article_published_time":"2023-09-08T00:00:36+00:00","article_modified_time":"2024-09-03T11:21:33+00:00","author":"Admin","twitter_card":"summary_large_image","twitter_misc":{"Escrito por":"Admin","Tiempo de lectura":"1 minuto"},"schema":{"@context":"https:\/\/schema.org","@graph":[{"@type":"Article","@id":"https:\/\/dianacapital.com\/es\/la-venta-de-gransolar-ha-impulsado-nuestro-tercer-fondo-de-200-millones\/#article","isPartOf":{"@id":"https:\/\/dianacapital.com\/es\/la-venta-de-gransolar-ha-impulsado-nuestro-tercer-fondo-de-200-millones\/"},"author":{"name":"Admin","@id":"https:\/\/dianacapital.com\/es\/#\/schema\/person\/a80c92bf6057294f1ddef41779f72441"},"headline":"La venta de Gransolar ha impulsado nuestro tercer fondo de 200 millones","datePublished":"2023-09-08T00:00:36+00:00","dateModified":"2024-09-03T11:21:33+00:00","mainEntityOfPage":{"@id":"https:\/\/dianacapital.com\/es\/la-venta-de-gransolar-ha-impulsado-nuestro-tercer-fondo-de-200-millones\/"},"wordCount":200,"publisher":{"@id":"https:\/\/dianacapital.com\/es\/#organization"},"inLanguage":"es"},{"@type":"WebPage","@id":"https:\/\/dianacapital.com\/es\/la-venta-de-gransolar-ha-impulsado-nuestro-tercer-fondo-de-200-millones\/","url":"https:\/\/dianacapital.com\/es\/la-venta-de-gransolar-ha-impulsado-nuestro-tercer-fondo-de-200-millones\/","name":"[:es]La venta de Gransolar ha impulsado nuestro tercer fondo de 200 millones[:en]The sale of Gransolar has boosted our third 200 million fund[:] - Diana Capital","isPartOf":{"@id":"https:\/\/dianacapital.com\/es\/#website"},"datePublished":"2023-09-08T00:00:36+00:00","dateModified":"2024-09-03T11:21:33+00:00","breadcrumb":{"@id":"https:\/\/dianacapital.com\/es\/la-venta-de-gransolar-ha-impulsado-nuestro-tercer-fondo-de-200-millones\/#breadcrumb"},"inLanguage":"es","potentialAction":[{"@type":"ReadAction","target":["https:\/\/dianacapital.com\/es\/la-venta-de-gransolar-ha-impulsado-nuestro-tercer-fondo-de-200-millones\/"]}]},{"@type":"BreadcrumbList","@id":"https:\/\/dianacapital.com\/es\/la-venta-de-gransolar-ha-impulsado-nuestro-tercer-fondo-de-200-millones\/#breadcrumb","itemListElement":[{"@type":"ListItem","position":1,"name":"Home","item":"https:\/\/dianacapital.com\/es\/"},{"@type":"ListItem","position":2,"name":"La venta de Gransolar ha impulsado nuestro tercer fondo de 200 millones"}]},{"@type":"WebSite","@id":"https:\/\/dianacapital.com\/es\/#website","url":"https:\/\/dianacapital.com\/es\/","name":"Diana Capital","description":"Socios para construir","publisher":{"@id":"https:\/\/dianacapital.com\/es\/#organization"},"potentialAction":[{"@type":"SearchAction","target":{"@type":"EntryPoint","urlTemplate":"https:\/\/dianacapital.com\/es\/?s={search_term_string}"},"query-input":{"@type":"PropertyValueSpecification","valueRequired":true,"valueName":"search_term_string"}}],"inLanguage":"es"},{"@type":"Organization","@id":"https:\/\/dianacapital.com\/es\/#organization","name":"Diana Capital","url":"https:\/\/dianacapital.com\/es\/","logo":{"@type":"ImageObject","inLanguage":"es","@id":"https:\/\/dianacapital.com\/es\/#\/schema\/logo\/image\/","url":"https:\/\/dianacapital.com\/wp-content\/uploads\/2024\/10\/logo-diana2x.png","contentUrl":"https:\/\/dianacapital.com\/wp-content\/uploads\/2024\/10\/logo-diana2x.png","width":719,"height":119,"caption":"Diana Capital"},"image":{"@id":"https:\/\/dianacapital.com\/es\/#\/schema\/logo\/image\/"},"sameAs":["https:\/\/www.linkedin.com\/company\/diana-capital\/"]},{"@type":"Person","@id":"https:\/\/dianacapital.com\/es\/#\/schema\/person\/a80c92bf6057294f1ddef41779f72441","name":"Admin","image":{"@type":"ImageObject","inLanguage":"es","@id":"https:\/\/dianacapital.com\/es\/#\/schema\/person\/image\/","url":"https:\/\/secure.gravatar.com\/avatar\/eb12426f65bed42f9d56de18b4ada436?s=96&d=mm&r=g","contentUrl":"https:\/\/secure.gravatar.com\/avatar\/eb12426f65bed42f9d56de18b4ada436?s=96&d=mm&r=g","caption":"Admin"},"url":"https:\/\/dianacapital.com\/es\/author\/diana_admin\/"}]}},"_links":{"self":[{"href":"https:\/\/dianacapital.com\/es\/wp-json\/wp\/v2\/posts\/764"}],"collection":[{"href":"https:\/\/dianacapital.com\/es\/wp-json\/wp\/v2\/posts"}],"about":[{"href":"https:\/\/dianacapital.com\/es\/wp-json\/wp\/v2\/types\/post"}],"author":[{"embeddable":true,"href":"https:\/\/dianacapital.com\/es\/wp-json\/wp\/v2\/users\/3"}],"replies":[{"embeddable":true,"href":"https:\/\/dianacapital.com\/es\/wp-json\/wp\/v2\/comments?post=764"}],"version-history":[{"count":0,"href":"https:\/\/dianacapital.com\/es\/wp-json\/wp\/v2\/posts\/764\/revisions"}],"wp:attachment":[{"href":"https:\/\/dianacapital.com\/es\/wp-json\/wp\/v2\/media?parent=764"}],"wp:term":[{"taxonomy":"category","embeddable":true,"href":"https:\/\/dianacapital.com\/es\/wp-json\/wp\/v2\/categories?post=764"},{"taxonomy":"post_tag","embeddable":true,"href":"https:\/\/dianacapital.com\/es\/wp-json\/wp\/v2\/tags?post=764"}],"curies":[{"name":"wp","href":"https:\/\/api.w.org\/{rel}","templated":true}]}}